{"id":2563,"date":"2024-06-15T11:09:18","date_gmt":"2024-06-15T09:09:18","guid":{"rendered":"https:\/\/alpinzentrum.ch\/?p=2563"},"modified":"2025-04-10T08:55:33","modified_gmt":"2025-04-10T06:55:33","slug":"schlitteln","status":"publish","type":"post","link":"https:\/\/alpinzentrum.ch\/de\/schlitteln\/","title":{"rendered":"Schlitteln"},"content":{"rendered":"\t\t<div data-elementor-type=\"wp-post\" data-elementor-id=\"2563\" class=\"elementor elementor-2563\" data-elementor-post-type=\"post\">\n\t\t\t\t\t\t<section class=\"elementor-section elementor-top-section elementor-element elementor-element-10f07b6d elementor-section-boxed elementor-section-height-default elementor-section-height-default\" data-id=\"10f07b6d\" data-element_type=\"section\">\n\t\t\t\t\t\t<div class=\"elementor-container elementor-column-gap-default\">\n\t\t\t\t\t<div class=\"elementor-column elementor-col-100 elementor-top-column elementor-element elementor-element-7e66fd70\" data-id=\"7e66fd70\" data-element_type=\"column\">\n\t\t\t<div class=\"elementor-widget-wrap elementor-element-populated\">\n\t\t\t\t\t\t<div class=\"elementor-element elementor-element-47e438e2 elementor-widget elementor-widget-text-editor\" data-id=\"47e438e2\" data-element_type=\"widget\" data-widget_type=\"text-editor.default\">\n\t\t\t\t<div class=\"elementor-widget-container\">\n\t\t\t<style>\/*! elementor - v3.22.0 - 26-06-2024 *\/\n.elementor-widget-text-editor.elementor-drop-cap-view-stacked .elementor-drop-cap{background-color:#69727d;color:#fff}.elementor-widget-text-editor.elementor-drop-cap-view-framed .elementor-drop-cap{color:#69727d;border:3px solid;background-color:transparent}.elementor-widget-text-editor:not(.elementor-drop-cap-view-default) .elementor-drop-cap{margin-top:8px}.elementor-widget-text-editor:not(.elementor-drop-cap-view-default) .elementor-drop-cap-letter{width:1em;height:1em}.elementor-widget-text-editor .elementor-drop-cap{float:left;text-align:center;line-height:1;font-size:50px}.elementor-widget-text-editor .elementor-drop-cap-letter{display:inline-block}<\/style>\t\t\t\t<p>SCHLITTELN<\/p>\t\t\t\t\t\t<\/div>\n\t\t\t\t<\/div>\n\t\t\t\t\t<\/div>\n\t\t<\/div>\n\t\t\t\t\t<\/div>\n\t\t<\/section>\n\t\t\t\t<section class=\"elementor-section elementor-top-section elementor-element elementor-element-f91c301 elementor-section-boxed elementor-section-height-default elementor-section-height-default\" data-id=\"f91c301\" data-element_type=\"section\">\n\t\t\t\t\t\t<div class=\"elementor-container elementor-column-gap-default\">\n\t\t\t\t\t<div class=\"elementor-column elementor-col-100 elementor-top-column elementor-element elementor-element-ad053a5\" data-id=\"ad053a5\" data-element_type=\"column\">\n\t\t\t<div class=\"elementor-widget-wrap elementor-element-populated\">\n\t\t\t\t\t\t<div class=\"elementor-element elementor-element-709661d elementor-widget elementor-widget-text-editor\" data-id=\"709661d\" data-element_type=\"widget\" data-widget_type=\"text-editor.default\">\n\t\t\t\t<div class=\"elementor-widget-container\">\n\t\t\t\t\t\t\t<p>Wir bieten Ihnen begleitete Schlittenfahrten an. Ob bei Sonnenschein oder in einer kristallklaren Nacht, die frische Luft, stiebender Schnee und eine gran diose Aussicht auf die weisse Winterpracht versprechen eine unvergessliche Abfahrt. Die Schlitten sind traditionell aus Holz gebaut. Die Abfahrt f\u00fchrt \u00fcber speziell pr\u00e4parierte Pisten ins Tal und bei Fahrten in der Nacht wird die Strecke\u00a0mit Fackeln beleuchtet.<\/p>\t\t\t\t\t\t<\/div>\n\t\t\t\t<\/div>\n\t\t\t\t\t<\/div>\n\t\t<\/div>\n\t\t\t\t\t<\/div>\n\t\t<\/section>\n\t\t\t\t<\/div>\n\t\t","protected":false},"excerpt":{"rendered":"<p>SCHLITTELN Wir bieten Ihnen begleitete Schlittenfahrten an. Ob bei Sonnenschein oder in einer kristallklaren Nacht, die frische Luft, stiebender Schnee und eine gran diose Aussicht auf die weisse Winterpracht versprechen eine unvergessliche Abfahrt. Die Schlitten sind traditionell aus Holz gebaut. Die Abfahrt f\u00fchrt \u00fcber speziell pr\u00e4parierte Pisten ins Tal und bei Fahrten in der Nacht [&hellip;]<\/p>\n","protected":false},"author":4,"featured_media":2557,"comment_status":"closed","ping_status":"closed","sticky":false,"template":"","format":"standard","meta":[],"categories":[47],"tags":[23,19],"_links":{"self":[{"href":"https:\/\/alpinzentrum.ch\/de\/wp-json\/wp\/v2\/posts\/2563"}],"collection":[{"href":"https:\/\/alpinzentrum.ch\/de\/wp-json\/wp\/v2\/posts"}],"about":[{"href":"https:\/\/alpinzentrum.ch\/de\/wp-json\/wp\/v2\/types\/post"}],"author":[{"embeddable":true,"href":"https:\/\/alpinzentrum.ch\/de\/wp-json\/wp\/v2\/users\/4"}],"replies":[{"embeddable":true,"href":"https:\/\/alpinzentrum.ch\/de\/wp-json\/wp\/v2\/comments?post=2563"}],"version-history":[{"count":5,"href":"https:\/\/alpinzentrum.ch\/de\/wp-json\/wp\/v2\/posts\/2563\/revisions"}],"predecessor-version":[{"id":3310,"href":"https:\/\/alpinzentrum.ch\/de\/wp-json\/wp\/v2\/posts\/2563\/revisions\/3310"}],"wp:featuredmedia":[{"embeddable":true,"href":"https:\/\/alpinzentrum.ch\/de\/wp-json\/wp\/v2\/media\/2557"}],"wp:attachment":[{"href":"https:\/\/alpinzentrum.ch\/de\/wp-json\/wp\/v2\/media?parent=2563"}],"wp:term":[{"taxonomy":"category","embeddable":true,"href":"https:\/\/alpinzentrum.ch\/de\/wp-json\/wp\/v2\/categories?post=2563"},{"taxonomy":"post_tag","embeddable":true,"href":"https:\/\/alpinzentrum.ch\/de\/wp-json\/wp\/v2\/tags?post=2563"}],"curies":[{"name":"wp","href":"https:\/\/api.w.org\/{rel}","templated":true}]}}