{"id":2462,"date":"2024-05-27T14:29:34","date_gmt":"2024-05-27T12:29:34","guid":{"rendered":"https:\/\/alpinzentrum.ch\/parc-daccrobranche-zweisimmen\/"},"modified":"2026-04-02T12:24:22","modified_gmt":"2026-04-02T10:24:22","slug":"parc-daccrobranche-zweisimmen","status":"publish","type":"post","link":"https:\/\/alpinzentrum.ch\/fr\/parc-daccrobranche-zweisimmen\/","title":{"rendered":"Parc d&rsquo;accrobranche Zweisimmen"},"content":{"rendered":"\t\t<div data-elementor-type=\"wp-post\" data-elementor-id=\"2462\" class=\"elementor elementor-2462 elementor-2023\" data-elementor-post-type=\"post\">\n\t\t\t\t\t\t<section class=\"elementor-section elementor-top-section elementor-element elementor-element-10f07b6d elementor-section-boxed elementor-section-height-default elementor-section-height-default\" data-id=\"10f07b6d\" data-element_type=\"section\">\n\t\t\t\t\t\t<div class=\"elementor-container elementor-column-gap-default\">\n\t\t\t\t\t<div class=\"elementor-column elementor-col-100 elementor-top-column elementor-element elementor-element-7e66fd70\" data-id=\"7e66fd70\" data-element_type=\"column\">\n\t\t\t<div class=\"elementor-widget-wrap elementor-element-populated\">\n\t\t\t\t\t\t<div class=\"elementor-element elementor-element-47e438e2 elementor-widget elementor-widget-text-editor\" data-id=\"47e438e2\" data-element_type=\"widget\" data-widget_type=\"text-editor.default\">\n\t\t\t\t<div class=\"elementor-widget-container\">\n\t\t\t<style>\/*! elementor - v3.22.0 - 26-06-2024 *\/\n.elementor-widget-text-editor.elementor-drop-cap-view-stacked .elementor-drop-cap{background-color:#69727d;color:#fff}.elementor-widget-text-editor.elementor-drop-cap-view-framed .elementor-drop-cap{color:#69727d;border:3px solid;background-color:transparent}.elementor-widget-text-editor:not(.elementor-drop-cap-view-default) .elementor-drop-cap{margin-top:8px}.elementor-widget-text-editor:not(.elementor-drop-cap-view-default) .elementor-drop-cap-letter{width:1em;height:1em}.elementor-widget-text-editor .elementor-drop-cap{float:left;text-align:center;line-height:1;font-size:50px}.elementor-widget-text-editor .elementor-drop-cap-letter{display:inline-block}<\/style>\t\t\t\t<p>PARC D&rsquo;ACCROBRANCHE ZWEISIMMEN<\/p>\n\t\t\t\t\t\t<\/div>\n\t\t\t\t<\/div>\n\t\t\t\t\t<\/div>\n\t\t<\/div>\n\t\t\t\t\t<\/div>\n\t\t<\/section>\n\t\t\t\t<section class=\"elementor-section elementor-top-section elementor-element elementor-element-f91c301 elementor-section-boxed elementor-section-height-default elementor-section-height-default\" data-id=\"f91c301\" data-element_type=\"section\">\n\t\t\t\t\t\t<div class=\"elementor-container elementor-column-gap-default\">\n\t\t\t\t\t<div class=\"elementor-column elementor-col-100 elementor-top-column elementor-element elementor-element-ad053a5\" data-id=\"ad053a5\" data-element_type=\"column\">\n\t\t\t<div class=\"elementor-widget-wrap elementor-element-populated\">\n\t\t\t\t\t\t<div class=\"elementor-element elementor-element-709661d elementor-widget elementor-widget-text-editor\" data-id=\"709661d\" data-element_type=\"widget\" data-widget_type=\"text-editor.default\">\n\t\t\t\t<div class=\"elementor-widget-container\">\n\t\t\t\t\t\t\t<p>Le parc d&rsquo;accrobranche de Zweisimmen propose 5 parcours de diff\u00e9rentes difficult\u00e9s. Des ponts de cordes vari\u00e9s, des tyroliennes folles et des \u00e9l\u00e9ments d&rsquo;\u00e9quilibre audacieux mettent les participants au d\u00e9fi \u00e0 des hauteurs de 3 \u00e0 22 m\u00e8tres au-dessus du sol.<\/p>\n\t\t\t\t\t\t<\/div>\n\t\t\t\t<\/div>\n\t\t\t\t<div class=\"elementor-element elementor-element-257f193 elementor-widget elementor-widget-text-editor\" data-id=\"257f193\" data-element_type=\"widget\" data-widget_type=\"text-editor.default\">\n\t\t\t\t<div class=\"elementor-widget-container\">\n\t\t\t\t\t\t\t<h2>INFORMATIONS:<\/h2>\n<h3>Zweisimmen<\/h3>\n<table border=\"0\" cellspacing=\"0\" cellpadding=\"0\">\n<tbody>\n<tr>\n<td style=\"text-align: left;\">Conditions \u00e0 remplir:<\/td>\n<td style=\"text-align: left;\" colspan=\"2\">D\u00e8s 6 ans<br \/>Les enfants de moins de 12 ans doivent \u00eatre accompagn\u00e9s par un adulte.<br \/>La taille minimale pour les deux parcours enfants est de 1.20 m. La taille minimale pour les autres parcours est de 1.40 m.<\/td>\n<\/tr>\n<tr>\n<td>Point de rencontre:<\/td>\n<td colspan=\"2\">Schwimmbadstrasse 1, 3770 Zweisimmen<\/td>\n<\/tr>\n<tr>\n<td>\u00c9quipement:<\/td>\n<td colspan=\"2\">V\u00eatement de loisirs confortables et fonctionnels<br \/>Une veste suppl\u00e9mentaire<br \/>Chaussures adapt\u00e9es<\/td>\n<\/tr>\n<\/tbody>\n<\/table>\n<h3>Prix par personne<\/h3>\n<table border=\"0\" cellspacing=\"0\" cellpadding=\"0\">\n<tbody>\n<tr>\n<td style=\"text-align: left;\">Adulte:<\/td>\n<td style=\"text-align: left;\" colspan=\"2\">CHF 49.-<\/td>\n<\/tr>\n<tr>\n<td>Jeune jusqu&rsquo;\u00e0 16 ans:<\/td>\n<td colspan=\"2\">CHF 38.-<\/td>\n<\/tr>\n<tr>\n<td>Parcours enfant:<\/td>\n<td colspan=\"2\">CHF 25.-<\/td>\n<\/tr>\n<tr>\n<td>\u00c9coles et groupe d\u00e8s 15 personnes:<\/td>\n<td colspan=\"2\">CHF 37.-<\/td>\n<\/tr>\n<tr>\n<td>Inclus dans le prix:<\/td>\n<td colspan=\"2\">Mat\u00e9riel et instruction<\/td>\n<\/tr>\n<\/tbody>\n<\/table>\n<h3>Horaires d&rsquo;ouverture<\/h3>\n<table border=\"0\" cellspacing=\"0\" cellpadding=\"0\">\n<tbody>\n<tr>\n<td colspan=\"2\">Juin &amp; Septembre<\/td>\n<\/tr>\n<tr>\n<td style=\"padding-left: 40px;\">Samedi<\/td>\n<td colspan=\"2\">13.30h &#8211; 17.30h<\/td>\n<\/tr>\n<tr>\n<td colspan=\"2\">Juillet &amp; Ao\u00fbt<\/td>\n<\/tr>\n<tr>\n<td style=\"padding-left: 40px;\">Mardi, Jeudi, Samedi &amp; Dimanche <\/td>\n<td colspan=\"2\">13.30h &#8211; 17.30h<\/td>\n<\/tr>\n<tr>\n<td colspan=\"2\"><em>La derni\u00e8re arriv\u00e9e est possible 1h30 avant la fermeture du parc<br \/>Les horaires d\u2019ouverture pour les jours f\u00e9ri\u00e9s est sur demande<br \/>Pour les groupes d\u00e8s 15 personnes : horaires d\u2019ouverture sur demande<\/em><\/td>\n<\/tr>\n<\/tbody>\n<\/table>\n\t\t\t\t\t\t<\/div>\n\t\t\t\t<\/div>\n\t\t\t\t\t<\/div>\n\t\t<\/div>\n\t\t\t\t\t<\/div>\n\t\t<\/section>\n\t\t\t\t<\/div>\n\t\t","protected":false},"excerpt":{"rendered":"<p>PARC D&rsquo;ACCROBRANCHE ZWEISIMMEN Le parc d&rsquo;accrobranche de Zweisimmen propose 5 parcours de diff\u00e9rentes difficult\u00e9s. Des ponts de cordes vari\u00e9s, des tyroliennes folles et des \u00e9l\u00e9ments d&rsquo;\u00e9quilibre audacieux mettent les participants au d\u00e9fi \u00e0 des hauteurs de 3 \u00e0 22 m\u00e8tres au-dessus du sol. INFORMATIONS: Zweisimmen Conditions \u00e0 remplir: D\u00e8s 6 ansLes enfants de moins de [&hellip;]<\/p>\n","protected":false},"author":4,"featured_media":475,"comment_status":"closed","ping_status":"closed","sticky":false,"template":"","format":"standard","meta":[],"categories":[62],"tags":[60,55],"_links":{"self":[{"href":"https:\/\/alpinzentrum.ch\/fr\/wp-json\/wp\/v2\/posts\/2462"}],"collection":[{"href":"https:\/\/alpinzentrum.ch\/fr\/wp-json\/wp\/v2\/posts"}],"about":[{"href":"https:\/\/alpinzentrum.ch\/fr\/wp-json\/wp\/v2\/types\/post"}],"author":[{"embeddable":true,"href":"https:\/\/alpinzentrum.ch\/fr\/wp-json\/wp\/v2\/users\/4"}],"replies":[{"embeddable":true,"href":"https:\/\/alpinzentrum.ch\/fr\/wp-json\/wp\/v2\/comments?post=2462"}],"version-history":[{"count":14,"href":"https:\/\/alpinzentrum.ch\/fr\/wp-json\/wp\/v2\/posts\/2462\/revisions"}],"predecessor-version":[{"id":4404,"href":"https:\/\/alpinzentrum.ch\/fr\/wp-json\/wp\/v2\/posts\/2462\/revisions\/4404"}],"wp:featuredmedia":[{"embeddable":true,"href":"https:\/\/alpinzentrum.ch\/fr\/wp-json\/wp\/v2\/media\/475"}],"wp:attachment":[{"href":"https:\/\/alpinzentrum.ch\/fr\/wp-json\/wp\/v2\/media?parent=2462"}],"wp:term":[{"taxonomy":"category","embeddable":true,"href":"https:\/\/alpinzentrum.ch\/fr\/wp-json\/wp\/v2\/categories?post=2462"},{"taxonomy":"post_tag","embeddable":true,"href":"https:\/\/alpinzentrum.ch\/fr\/wp-json\/wp\/v2\/tags?post=2462"}],"curies":[{"name":"wp","href":"https:\/\/api.w.org\/{rel}","templated":true}]}}