{"id":2671,"date":"2024-06-15T16:34:35","date_gmt":"2024-06-15T14:34:35","guid":{"rendered":"https:\/\/alpinzentrum.ch\/ski-de-fond\/"},"modified":"2025-04-10T10:11:40","modified_gmt":"2025-04-10T08:11:40","slug":"ski-de-fond","status":"publish","type":"post","link":"https:\/\/alpinzentrum.ch\/fr\/ski-de-fond\/","title":{"rendered":"Ski de fond"},"content":{"rendered":"\t\t<div data-elementor-type=\"wp-post\" data-elementor-id=\"2671\" class=\"elementor elementor-2671 elementor-2659\" data-elementor-post-type=\"post\">\n\t\t\t\t\t\t<section class=\"elementor-section elementor-top-section elementor-element elementor-element-10f07b6d elementor-section-boxed elementor-section-height-default elementor-section-height-default\" data-id=\"10f07b6d\" data-element_type=\"section\">\n\t\t\t\t\t\t<div class=\"elementor-container elementor-column-gap-default\">\n\t\t\t\t\t<div class=\"elementor-column elementor-col-100 elementor-top-column elementor-element elementor-element-7e66fd70\" data-id=\"7e66fd70\" data-element_type=\"column\">\n\t\t\t<div class=\"elementor-widget-wrap elementor-element-populated\">\n\t\t\t\t\t\t<div class=\"elementor-element elementor-element-47e438e2 elementor-widget elementor-widget-text-editor\" data-id=\"47e438e2\" data-element_type=\"widget\" data-widget_type=\"text-editor.default\">\n\t\t\t\t<div class=\"elementor-widget-container\">\n\t\t\t<style>\/*! elementor - v3.22.0 - 26-06-2024 *\/\n.elementor-widget-text-editor.elementor-drop-cap-view-stacked .elementor-drop-cap{background-color:#69727d;color:#fff}.elementor-widget-text-editor.elementor-drop-cap-view-framed .elementor-drop-cap{color:#69727d;border:3px solid;background-color:transparent}.elementor-widget-text-editor:not(.elementor-drop-cap-view-default) .elementor-drop-cap{margin-top:8px}.elementor-widget-text-editor:not(.elementor-drop-cap-view-default) .elementor-drop-cap-letter{width:1em;height:1em}.elementor-widget-text-editor .elementor-drop-cap{float:left;text-align:center;line-height:1;font-size:50px}.elementor-widget-text-editor .elementor-drop-cap-letter{display:inline-block}<\/style>\t\t\t\t<p>SKI DE FOND<\/p>\n\t\t\t\t\t\t<\/div>\n\t\t\t\t<\/div>\n\t\t\t\t\t<\/div>\n\t\t<\/div>\n\t\t\t\t\t<\/div>\n\t\t<\/section>\n\t\t\t\t<section class=\"elementor-section elementor-top-section elementor-element elementor-element-f91c301 elementor-section-boxed elementor-section-height-default elementor-section-height-default\" data-id=\"f91c301\" data-element_type=\"section\">\n\t\t\t\t\t\t<div class=\"elementor-container elementor-column-gap-default\">\n\t\t\t\t\t<div class=\"elementor-column elementor-col-100 elementor-top-column elementor-element elementor-element-ad053a5\" data-id=\"ad053a5\" data-element_type=\"column\">\n\t\t\t<div class=\"elementor-widget-wrap elementor-element-populated\">\n\t\t\t\t\t\t<div class=\"elementor-element elementor-element-709661d elementor-widget elementor-widget-text-editor\" data-id=\"709661d\" data-element_type=\"widget\" data-widget_type=\"text-editor.default\">\n\t\t\t\t<div class=\"elementor-widget-container\">\n\t\t\t\t\t\t\t<div id=\"act_left\" class=\"float_left\">\n<div id=\"act_left\" class=\"float_left\">\n<p>Vous d\u00e9sirez renforcer votre endurance aussi en hiver? Que diriez-vous du ski de fond?<br \/>D\u00e9couvrez les pistes de ski de fond dans le paysage de montagne pittoresque de la r\u00e9gion Gstaad.<\/p>\n<p>Plus d&rsquo;informations &amp; r\u00e9servation: <a href=\"https:\/\/www.skischulesaanenmoeser.ch\" target=\"_blank\" rel=\"noopener\">www.skischulesaanenmoeser.ch<\/a><\/p>\n<\/div>\n<\/div>\n\t\t\t\t\t\t<\/div>\n\t\t\t\t<\/div>\n\t\t\t\t\t<\/div>\n\t\t<\/div>\n\t\t\t\t\t<\/div>\n\t\t<\/section>\n\t\t\t\t<\/div>\n\t\t","protected":false},"excerpt":{"rendered":"<p>SKI DE FOND Vous d\u00e9sirez renforcer votre endurance aussi en hiver? Que diriez-vous du ski de fond? D\u00e9couvrez les pistes de ski de fond dans le paysage de montagne pittoresque de la r\u00e9gion Gstaad. Plus d&rsquo;informations &amp; r\u00e9servation: www.skischulesaanenmoeser.ch<\/p>\n","protected":false},"author":4,"featured_media":2662,"comment_status":"closed","ping_status":"closed","sticky":false,"template":"","format":"standard","meta":[],"categories":[69],"tags":[65,59],"_links":{"self":[{"href":"https:\/\/alpinzentrum.ch\/fr\/wp-json\/wp\/v2\/posts\/2671"}],"collection":[{"href":"https:\/\/alpinzentrum.ch\/fr\/wp-json\/wp\/v2\/posts"}],"about":[{"href":"https:\/\/alpinzentrum.ch\/fr\/wp-json\/wp\/v2\/types\/post"}],"author":[{"embeddable":true,"href":"https:\/\/alpinzentrum.ch\/fr\/wp-json\/wp\/v2\/users\/4"}],"replies":[{"embeddable":true,"href":"https:\/\/alpinzentrum.ch\/fr\/wp-json\/wp\/v2\/comments?post=2671"}],"version-history":[{"count":3,"href":"https:\/\/alpinzentrum.ch\/fr\/wp-json\/wp\/v2\/posts\/2671\/revisions"}],"predecessor-version":[{"id":4162,"href":"https:\/\/alpinzentrum.ch\/fr\/wp-json\/wp\/v2\/posts\/2671\/revisions\/4162"}],"wp:featuredmedia":[{"embeddable":true,"href":"https:\/\/alpinzentrum.ch\/fr\/wp-json\/wp\/v2\/media\/2662"}],"wp:attachment":[{"href":"https:\/\/alpinzentrum.ch\/fr\/wp-json\/wp\/v2\/media?parent=2671"}],"wp:term":[{"taxonomy":"category","embeddable":true,"href":"https:\/\/alpinzentrum.ch\/fr\/wp-json\/wp\/v2\/categories?post=2671"},{"taxonomy":"post_tag","embeddable":true,"href":"https:\/\/alpinzentrum.ch\/fr\/wp-json\/wp\/v2\/tags?post=2671"}],"curies":[{"name":"wp","href":"https:\/\/api.w.org\/{rel}","templated":true}]}}