{"id":3292,"date":"2024-06-26T14:38:11","date_gmt":"2024-06-26T12:38:11","guid":{"rendered":"https:\/\/alpinzentrum.ch\/accueil-a-glacier-3000\/"},"modified":"2025-04-10T10:15:49","modified_gmt":"2025-04-10T08:15:49","slug":"accueil-a-glacier-3000","status":"publish","type":"post","link":"https:\/\/alpinzentrum.ch\/fr\/accueil-a-glacier-3000\/","title":{"rendered":"Accueil \u00e0 Glacier 3000"},"content":{"rendered":"\t\t<div data-elementor-type=\"wp-post\" data-elementor-id=\"3292\" class=\"elementor elementor-3292 elementor-3278\" data-elementor-post-type=\"post\">\n\t\t\t\t\t\t<section class=\"elementor-section elementor-top-section elementor-element elementor-element-10f07b6d elementor-section-boxed elementor-section-height-default elementor-section-height-default\" data-id=\"10f07b6d\" data-element_type=\"section\">\n\t\t\t\t\t\t<div class=\"elementor-container elementor-column-gap-default\">\n\t\t\t\t\t<div class=\"elementor-column elementor-col-100 elementor-top-column elementor-element elementor-element-7e66fd70\" data-id=\"7e66fd70\" data-element_type=\"column\">\n\t\t\t<div class=\"elementor-widget-wrap elementor-element-populated\">\n\t\t\t\t\t\t<div class=\"elementor-element elementor-element-47e438e2 elementor-widget elementor-widget-text-editor\" data-id=\"47e438e2\" data-element_type=\"widget\" data-widget_type=\"text-editor.default\">\n\t\t\t\t<div class=\"elementor-widget-container\">\n\t\t\t<style>\/*! elementor - v3.22.0 - 26-06-2024 *\/\n.elementor-widget-text-editor.elementor-drop-cap-view-stacked .elementor-drop-cap{background-color:#69727d;color:#fff}.elementor-widget-text-editor.elementor-drop-cap-view-framed .elementor-drop-cap{color:#69727d;border:3px solid;background-color:transparent}.elementor-widget-text-editor:not(.elementor-drop-cap-view-default) .elementor-drop-cap{margin-top:8px}.elementor-widget-text-editor:not(.elementor-drop-cap-view-default) .elementor-drop-cap-letter{width:1em;height:1em}.elementor-widget-text-editor .elementor-drop-cap{float:left;text-align:center;line-height:1;font-size:50px}.elementor-widget-text-editor .elementor-drop-cap-letter{display:inline-block}<\/style>\t\t\t\t<p>ACCUEIL \u00c0 GLACIER 3000<\/p>\n\t\t\t\t\t\t<\/div>\n\t\t\t\t<\/div>\n\t\t\t\t\t<\/div>\n\t\t<\/div>\n\t\t\t\t\t<\/div>\n\t\t<\/section>\n\t\t\t\t<section class=\"elementor-section elementor-top-section elementor-element elementor-element-f91c301 elementor-section-boxed elementor-section-height-default elementor-section-height-default\" data-id=\"f91c301\" data-element_type=\"section\">\n\t\t\t\t\t\t<div class=\"elementor-container elementor-column-gap-default\">\n\t\t\t\t\t<div class=\"elementor-column elementor-col-100 elementor-top-column elementor-element elementor-element-ad053a5\" data-id=\"ad053a5\" data-element_type=\"column\">\n\t\t\t<div class=\"elementor-widget-wrap elementor-element-populated\">\n\t\t\t\t\t\t<div class=\"elementor-element elementor-element-709661d elementor-widget elementor-widget-text-editor\" data-id=\"709661d\" data-element_type=\"widget\" data-widget_type=\"text-editor.default\">\n\t\t\t\t<div class=\"elementor-widget-container\">\n\t\t\t\t\t\t\t<p>Nous encadrons volontiers votre visite \u00e0 Glacier 3000. Sur l&rsquo;\u00e9poustouflant pont suspendu \u00ab\u00a0Peak Walk by Tissot\u00a0\u00bb, qui relie deux sommets entre eux, ou sur le \u00ab\u00a0Glacier Walk\u00a0\u00bb, qui traverse le glacier. Nos guides peuvent vous montrer le panorama environnant et tout vous dire sur les sommets alpins. Vous avez une question, nous pouvons y r\u00e9pondre.<\/p>\n\t\t\t\t\t\t<\/div>\n\t\t\t\t<\/div>\n\t\t\t\t\t<\/div>\n\t\t<\/div>\n\t\t\t\t\t<\/div>\n\t\t<\/section>\n\t\t\t\t<\/div>\n\t\t","protected":false},"excerpt":{"rendered":"<p>ACCUEIL \u00c0 GLACIER 3000 Nous encadrons volontiers votre visite \u00e0 Glacier 3000. Sur l&rsquo;\u00e9poustouflant pont suspendu \u00ab\u00a0Peak Walk by Tissot\u00a0\u00bb, qui relie deux sommets entre eux, ou sur le \u00ab\u00a0Glacier Walk\u00a0\u00bb, qui traverse le glacier. Nos guides peuvent vous montrer le panorama environnant et tout vous dire sur les sommets alpins. Vous avez une question, [&hellip;]<\/p>\n","protected":false},"author":4,"featured_media":3284,"comment_status":"closed","ping_status":"closed","sticky":false,"template":"","format":"standard","meta":[],"categories":[80],"tags":[59],"_links":{"self":[{"href":"https:\/\/alpinzentrum.ch\/fr\/wp-json\/wp\/v2\/posts\/3292"}],"collection":[{"href":"https:\/\/alpinzentrum.ch\/fr\/wp-json\/wp\/v2\/posts"}],"about":[{"href":"https:\/\/alpinzentrum.ch\/fr\/wp-json\/wp\/v2\/types\/post"}],"author":[{"embeddable":true,"href":"https:\/\/alpinzentrum.ch\/fr\/wp-json\/wp\/v2\/users\/4"}],"replies":[{"embeddable":true,"href":"https:\/\/alpinzentrum.ch\/fr\/wp-json\/wp\/v2\/comments?post=3292"}],"version-history":[{"count":2,"href":"https:\/\/alpinzentrum.ch\/fr\/wp-json\/wp\/v2\/posts\/3292\/revisions"}],"predecessor-version":[{"id":4168,"href":"https:\/\/alpinzentrum.ch\/fr\/wp-json\/wp\/v2\/posts\/3292\/revisions\/4168"}],"wp:featuredmedia":[{"embeddable":true,"href":"https:\/\/alpinzentrum.ch\/fr\/wp-json\/wp\/v2\/media\/3284"}],"wp:attachment":[{"href":"https:\/\/alpinzentrum.ch\/fr\/wp-json\/wp\/v2\/media?parent=3292"}],"wp:term":[{"taxonomy":"category","embeddable":true,"href":"https:\/\/alpinzentrum.ch\/fr\/wp-json\/wp\/v2\/categories?post=3292"},{"taxonomy":"post_tag","embeddable":true,"href":"https:\/\/alpinzentrum.ch\/fr\/wp-json\/wp\/v2\/tags?post=3292"}],"curies":[{"name":"wp","href":"https:\/\/api.w.org\/{rel}","templated":true}]}}